{"id":7054,"date":"2026-09-02T13:03:00","date_gmt":"2026-09-02T11:03:00","guid":{"rendered":"https:\/\/schunck.info\/?p=7054"},"modified":"2026-09-01T21:13:08","modified_gmt":"2026-09-01T19:13:08","slug":"einladung-fuer-die-ganze-familie-kommen-sie-zum-tag-der-polizei-nach-ahlen","status":"publish","type":"post","link":"https:\/\/schunck.info\/?p=7054","title":{"rendered":"Einladung f\u00fcr die ganze Familie: Kommen Sie zum &#8222;Tag der Polizei&#8220; nach Ahlen"},"content":{"rendered":"<p>.<\/p>\n<p style=\"text-align: justify;\">\nWir m\u00f6chten zusammen mit Ihnen einen unvergesslichen Tag erleben und freuen uns auf Ihren Besuch. Kommen Sie vorbei und besuchen Sie uns am Sonntag, 13. September, in unserer Polizeiwache in Ahlen, S\u00fcdberg 32.<\/p>\n<p style=\"text-align: justify;\">\nB\u00fcrgerinnen und B\u00fcrger von klein bis gro\u00df sind herzlich eingeladen, sich vor Ort \u00fcber unsere polizeiliche Arbeit zu informieren und im pers\u00f6nlichen Gespr\u00e4ch mit unseren Kollegen Fragen zu stellen und mit erweitertem Wissen nach Hause zu gehen.<\/p>\n<p style=\"text-align: justify;\">\nGeschwindigkeitsmessger\u00e4te, Kriminaltechnik und kriminaltechnische Pr\u00e4vention, Einbruchschutz, Verkehrspuppenb\u00fchne und eine Vorf\u00fchrung unserer Diensthundef\u00fchrer sind nur einige Programmpunkte, die an diesem Tag angeboten werden. Der &#8222;Tag der Polizei&#8220; wird von den Institutionen Verkehrswacht im Kreis Warendorf e. V., THW, Notfallseelsorge im Kreis Warendorf und dem Opferhilfeverein Wei\u00dfer Ring e. V. unterst\u00fctzt.<\/p>\n<p style=\"text-align: justify;\">\nKommen Sie vorbei, bringen Sie Kinder, Familie und Freunde mit und erleben Sie einen einzigartigen Tag mit uns.<\/p>\n<p style=\"text-align: justify;\">\nF\u00fcr das leibliche Wohl sorgt der Ortsverband des THW Beckum, der an seinem Stand Kaffee, Kuchen, Pommes, W\u00fcrstchen und Getr\u00e4nke anbietet. Au\u00dferdem k\u00f6nnen sich die Gewinner unseres Malwettbewerbs ein kleines Geschenk am Stand der Mobilen Wache abholen.<\/p>\n<p>Dazu z\u00e4hlen:<\/p>\n<p>1.\tPaulina, 5 Jahre, Beckum<br \/>\n2.\tOtto, 12 Jahre, aktuell Dei\u00dflingen<br \/>\n3.\tSalma, 39 Jahre, Albersloh<br \/>\n4.\tJule, 7 Jahre, Drensteinfurt<br \/>\n5.\tAnni, 7 Jahre, Ahlen<br \/>\n6.\tGerd, 66 Jahre, Telgte<br \/>\n7.\tJonathan, 5 Jahre, Ahlen<br \/>\n8.\tPia, 5 Jahre, Beckum<br \/>\n9.\tOle, 10 Jahre, Drensteinfurt<br \/>\n10.\tSarah, 8 Jahre, Albersloh<\/p>\n<p style=\"text-align: justify;\">\nBilder, die nach Sendeschluss eingereicht wurden, konnten leider nicht ber\u00fccksichtig werden. Aber alle Bilder werden in der Wache ausgestellt.<\/p>\n<p style=\"text-align: justify;\">\nDie Gewinnerbilder sind auf unsere Werbeplakate gedruckt und kreisweit verteilt.<\/p>\n<p style=\"text-align: justify;\">\nMedienvertreter sind herzlich eingeladen, die Veranstaltung zu begleiten. Landrat Dr. Olaf Gericke wird den Tag der Polizei um 11.30 Uhr offiziell im Beisein von Ehreng\u00e4sten er\u00f6ffnen.<\/p>\n<p><small>Text-Quelle: ots (Polizei Warendorf)<br \/><\/small><\/p>\n","protected":false},"excerpt":{"rendered":"<p>. Wir m\u00f6chten zusammen mit Ihnen einen unvergesslichen Tag erleben und freuen uns auf Ihren Besuch. Kommen Sie<\/p>\n","protected":false},"author":1,"featured_media":3779,"comment_status":"closed","ping_status":"closed","sticky":false,"template":"","format":"standard","meta":{"_monsterinsights_skip_tracking":false,"footnotes":""},"categories":[108,4,101,72,327],"tags":[1011,1807,2057,4179,60,4178],"class_list":["post-7054","post","type-post","status-publish","format-standard","has-post-thumbnail","hentry","category-nrw-deutschland","category-deutschland","category-nrw","category-reisen-freizeit","category-veranstaltung","tag-ahlen","tag-familie","tag-gewinner","tag-malwettbewerb","tag-polizei","tag-tag-der-polizei"],"aioseo_notices":[],"aioseo_head":"\n\t\t<!-- All in One SEO 5.0.1.1 - aioseo.com -->\n\t<meta name=\"description\" content=\". Wir m\u00f6chten zusammen mit Ihnen einen unvergesslichen Tag erleben und freuen uns auf Ihren Besuch. Kommen Sie vorbei und besuchen Sie uns am Sonntag, 13. September, in unserer Polizeiwache in Ahlen, S\u00fcdberg 32. B\u00fcrgerinnen und B\u00fcrger von klein bis gro\u00df sind herzlich eingeladen, sich vor Ort \u00fcber unsere polizeiliche Arbeit zu informieren und im\" \/>\n\t<meta name=\"robots\" content=\"max-image-preview:large\" \/>\n\t<meta name=\"author\" content=\"admin\"\/>\n\t<link rel=\"canonical\" href=\"https:\/\/schunck.info\/?p=7054\" \/>\n\t<meta name=\"generator\" content=\"All in One SEO (AIOSEO) 5.0.1.1\" \/>\n\t\t<meta property=\"og:locale\" content=\"de_DE\" \/>\n\t\t<meta property=\"og:site_name\" content=\"www.schunck.info -\" \/>\n\t\t<meta property=\"og:type\" content=\"article\" \/>\n\t\t<meta property=\"og:title\" content=\"Einladung f\u00fcr die ganze Familie: Kommen Sie zum \u201eTag der Polizei\u201c nach Ahlen - www.schunck.info\" \/>\n\t\t<meta property=\"og:description\" content=\". Wir m\u00f6chten zusammen mit Ihnen einen unvergesslichen Tag erleben und freuen uns auf Ihren Besuch. Kommen Sie vorbei und besuchen Sie uns am Sonntag, 13. September, in unserer Polizeiwache in Ahlen, S\u00fcdberg 32. B\u00fcrgerinnen und B\u00fcrger von klein bis gro\u00df sind herzlich eingeladen, sich vor Ort \u00fcber unsere polizeiliche Arbeit zu informieren und im\" \/>\n\t\t<meta property=\"og:url\" content=\"https:\/\/schunck.info\/?p=7054\" \/>\n\t\t<meta property=\"og:image\" content=\"https:\/\/schunck.info\/wp-content\/uploads\/2026\/02\/cropped-cropped-cropped-cropped-cropped-schunck.info-text-rot-weiss-png11.png\" \/>\n\t\t<meta property=\"og:image:secure_url\" content=\"https:\/\/schunck.info\/wp-content\/uploads\/2026\/02\/cropped-cropped-cropped-cropped-cropped-schunck.info-text-rot-weiss-png11.png\" \/>\n\t\t<meta property=\"article:published_time\" content=\"2026-09-02T11:03:00+00:00\" \/>\n\t\t<meta property=\"article:modified_time\" content=\"2026-09-01T19:13:08+00:00\" \/>\n\t\t<meta name=\"twitter:card\" content=\"summary_large_image\" \/>\n\t\t<meta name=\"twitter:site\" content=\"@schunck_info\" \/>\n\t\t<meta name=\"twitter:title\" content=\"Einladung f\u00fcr die ganze Familie: Kommen Sie zum \u201eTag der Polizei\u201c nach Ahlen - www.schunck.info\" \/>\n\t\t<meta name=\"twitter:description\" content=\". Wir m\u00f6chten zusammen mit Ihnen einen unvergesslichen Tag erleben und freuen uns auf Ihren Besuch. Kommen Sie vorbei und besuchen Sie uns am Sonntag, 13. September, in unserer Polizeiwache in Ahlen, S\u00fcdberg 32. B\u00fcrgerinnen und B\u00fcrger von klein bis gro\u00df sind herzlich eingeladen, sich vor Ort \u00fcber unsere polizeiliche Arbeit zu informieren und im\" \/>\n\t\t<meta name=\"twitter:creator\" content=\"@schunck_info\" \/>\n\t\t<meta name=\"twitter:image\" content=\"https:\/\/schunck.info\/wp-content\/uploads\/2026\/02\/cropped-cropped-cropped-cropped-cropped-schunck.info-text-rot-weiss-png11.png\" \/>\n\t\t<script type=\"application\/ld+json\" class=\"aioseo-schema\">\n\t\t\t{\"@context\":\"https:\\\/\\\/schema.org\",\"@graph\":[{\"@type\":\"BlogPosting\",\"@id\":\"https:\\\/\\\/schunck.info\\\/?p=7054#blogposting\",\"name\":\"Einladung f\\u00fcr die ganze Familie: Kommen Sie zum \\u201eTag der Polizei\\u201c nach Ahlen - www.schunck.info\",\"headline\":\"Einladung f\\u00fcr die ganze Familie: Kommen Sie zum &#8222;Tag der Polizei&#8220; nach Ahlen\",\"author\":{\"@id\":\"https:\\\/\\\/schunck.info\\\/?author=1#author\"},\"publisher\":{\"@id\":\"https:\\\/\\\/schunck.info\\\/#organization\"},\"image\":{\"@type\":\"ImageObject\",\"url\":\"https:\\\/\\\/schunck.info\\\/wp-content\\\/uploads\\\/2026\\\/06\\\/Polizei-Bundespolizei.jpg\",\"width\":900,\"height\":300,\"caption\":\"04.06.26 bis 30.08.27\"},\"datePublished\":\"2026-09-02T13:03:00+02:00\",\"dateModified\":\"2026-09-01T21:13:08+02:00\",\"inLanguage\":\"de-DE\",\"mainEntityOfPage\":{\"@id\":\"https:\\\/\\\/schunck.info\\\/?p=7054#webpage\"},\"isPartOf\":{\"@id\":\"https:\\\/\\\/schunck.info\\\/?p=7054#webpage\"},\"articleSection\":\"-NRW, Deutschland, NRW, Reisen &amp; Freizeit, Veranstaltung, Ahlen, Familie, Gewinner, Malwettbewerb, Polizei, Tag der Polizei\"},{\"@type\":\"BreadcrumbList\",\"@id\":\"https:\\\/\\\/schunck.info\\\/?p=7054#breadcrumblist\",\"itemListElement\":[{\"@type\":\"ListItem\",\"@id\":\"https:\\\/\\\/schunck.info#listItem\",\"position\":1,\"name\":\"Home\",\"item\":\"https:\\\/\\\/schunck.info\",\"nextItem\":{\"@type\":\"ListItem\",\"@id\":\"https:\\\/\\\/schunck.info\\\/?cat=4#listItem\",\"name\":\"Deutschland\"}},{\"@type\":\"ListItem\",\"@id\":\"https:\\\/\\\/schunck.info\\\/?cat=4#listItem\",\"position\":2,\"name\":\"Deutschland\",\"item\":\"https:\\\/\\\/schunck.info\\\/?cat=4\",\"nextItem\":{\"@type\":\"ListItem\",\"@id\":\"https:\\\/\\\/schunck.info\\\/?cat=101#listItem\",\"name\":\"NRW\"},\"previousItem\":{\"@type\":\"ListItem\",\"@id\":\"https:\\\/\\\/schunck.info#listItem\",\"name\":\"Home\"}},{\"@type\":\"ListItem\",\"@id\":\"https:\\\/\\\/schunck.info\\\/?cat=101#listItem\",\"position\":3,\"name\":\"NRW\",\"item\":\"https:\\\/\\\/schunck.info\\\/?cat=101\",\"nextItem\":{\"@type\":\"ListItem\",\"@id\":\"https:\\\/\\\/schunck.info\\\/?p=7054#listItem\",\"name\":\"Einladung f\\u00fcr die ganze Familie: Kommen Sie zum &#8222;Tag der Polizei&#8220; nach Ahlen\"},\"previousItem\":{\"@type\":\"ListItem\",\"@id\":\"https:\\\/\\\/schunck.info\\\/?cat=4#listItem\",\"name\":\"Deutschland\"}},{\"@type\":\"ListItem\",\"@id\":\"https:\\\/\\\/schunck.info\\\/?p=7054#listItem\",\"position\":4,\"name\":\"Einladung f\\u00fcr die ganze Familie: Kommen Sie zum &#8222;Tag der Polizei&#8220; nach Ahlen\",\"previousItem\":{\"@type\":\"ListItem\",\"@id\":\"https:\\\/\\\/schunck.info\\\/?cat=101#listItem\",\"name\":\"NRW\"}}]},{\"@type\":\"Organization\",\"@id\":\"https:\\\/\\\/schunck.info\\\/#organization\",\"name\":\"www.schunck.info\",\"url\":\"https:\\\/\\\/schunck.info\\\/\",\"logo\":{\"@type\":\"ImageObject\",\"url\":\"https:\\\/\\\/schunck.info\\\/wp-content\\\/uploads\\\/2026\\\/02\\\/cropped-cropped-cropped-cropped-cropped-schunck.info-text-rot-weiss-png11.png\",\"@id\":\"https:\\\/\\\/schunck.info\\\/?p=7054\\\/#organizationLogo\",\"width\":786,\"height\":149},\"image\":{\"@id\":\"https:\\\/\\\/schunck.info\\\/?p=7054\\\/#organizationLogo\"},\"sameAs\":[\"https:\\\/\\\/twitter.com\\\/schunck_info\",\"https:\\\/\\\/pinterest.com\\\/schunck_info\",\"https:\\\/\\\/www.youtube.com\\\/user\\\/marcustobias2000\",\"https:\\\/\\\/schunckinfo.tumblr.com\\\/\",\"https:\\\/\\\/t.me\\\/schunck\",\"http:\\\/\\\/vimeo.com\\\/schunckinfo\"]},{\"@type\":\"Person\",\"@id\":\"https:\\\/\\\/schunck.info\\\/?author=1#author\",\"url\":\"https:\\\/\\\/schunck.info\\\/?author=1\",\"name\":\"admin\",\"image\":{\"@type\":\"ImageObject\",\"@id\":\"https:\\\/\\\/schunck.info\\\/?p=7054#authorImage\",\"url\":\"https:\\\/\\\/secure.gravatar.com\\\/avatar\\\/1684227c29930ec7f618cf0ed5c5632eaeb7d3874f35414ed8dd619ad1f229a7?s=96&d=mm&r=g\",\"width\":96,\"height\":96,\"caption\":\"admin\"}},{\"@type\":\"WebPage\",\"@id\":\"https:\\\/\\\/schunck.info\\\/?p=7054#webpage\",\"url\":\"https:\\\/\\\/schunck.info\\\/?p=7054\",\"name\":\"Einladung f\\u00fcr die ganze Familie: Kommen Sie zum \\u201eTag der Polizei\\u201c nach Ahlen - www.schunck.info\",\"description\":\". Wir m\\u00f6chten zusammen mit Ihnen einen unvergesslichen Tag erleben und freuen uns auf Ihren Besuch. Kommen Sie vorbei und besuchen Sie uns am Sonntag, 13. September, in unserer Polizeiwache in Ahlen, S\\u00fcdberg 32. B\\u00fcrgerinnen und B\\u00fcrger von klein bis gro\\u00df sind herzlich eingeladen, sich vor Ort \\u00fcber unsere polizeiliche Arbeit zu informieren und im\",\"inLanguage\":\"de-DE\",\"isPartOf\":{\"@id\":\"https:\\\/\\\/schunck.info\\\/#website\"},\"breadcrumb\":{\"@id\":\"https:\\\/\\\/schunck.info\\\/?p=7054#breadcrumblist\"},\"author\":{\"@id\":\"https:\\\/\\\/schunck.info\\\/?author=1#author\"},\"creator\":{\"@id\":\"https:\\\/\\\/schunck.info\\\/?author=1#author\"},\"image\":{\"@type\":\"ImageObject\",\"url\":\"https:\\\/\\\/schunck.info\\\/wp-content\\\/uploads\\\/2026\\\/06\\\/Polizei-Bundespolizei.jpg\",\"@id\":\"https:\\\/\\\/schunck.info\\\/?p=7054\\\/#mainImage\",\"width\":900,\"height\":300,\"caption\":\"04.06.26 bis 30.08.27\"},\"primaryImageOfPage\":{\"@id\":\"https:\\\/\\\/schunck.info\\\/?p=7054#mainImage\"},\"datePublished\":\"2026-09-02T13:03:00+02:00\",\"dateModified\":\"2026-09-01T21:13:08+02:00\"},{\"@type\":\"WebSite\",\"@id\":\"https:\\\/\\\/schunck.info\\\/#website\",\"url\":\"https:\\\/\\\/schunck.info\\\/\",\"name\":\"www.schunck.info\",\"inLanguage\":\"de-DE\",\"publisher\":{\"@id\":\"https:\\\/\\\/schunck.info\\\/#organization\"}}]}\n\t\t<\/script>\n\t\t<!-- All in One SEO -->\n\n","aioseo_head_json":{"title":"Einladung f\u00fcr die ganze Familie: Kommen Sie zum \u201eTag der Polizei\u201c nach Ahlen - www.schunck.info","description":". Wir m\u00f6chten zusammen mit Ihnen einen unvergesslichen Tag erleben und freuen uns auf Ihren Besuch. Kommen Sie vorbei und besuchen Sie uns am Sonntag, 13. September, in unserer Polizeiwache in Ahlen, S\u00fcdberg 32. B\u00fcrgerinnen und B\u00fcrger von klein bis gro\u00df sind herzlich eingeladen, sich vor Ort \u00fcber unsere polizeiliche Arbeit zu informieren und im","canonical_url":"https:\/\/schunck.info\/?p=7054","robots":"max-image-preview:large","keywords":"","webmasterTools":{"miscellaneous":""},"schema":{"@context":"https:\/\/schema.org","@graph":[{"@type":"BlogPosting","@id":"https:\/\/schunck.info\/?p=7054#blogposting","name":"Einladung f\u00fcr die ganze Familie: Kommen Sie zum \u201eTag der Polizei\u201c nach Ahlen - www.schunck.info","headline":"Einladung f\u00fcr die ganze Familie: Kommen Sie zum &#8222;Tag der Polizei&#8220; nach Ahlen","author":{"@id":"https:\/\/schunck.info\/?author=1#author"},"publisher":{"@id":"https:\/\/schunck.info\/#organization"},"image":{"@type":"ImageObject","url":"https:\/\/schunck.info\/wp-content\/uploads\/2026\/06\/Polizei-Bundespolizei.jpg","width":900,"height":300,"caption":"04.06.26 bis 30.08.27"},"datePublished":"2026-09-02T13:03:00+02:00","dateModified":"2026-09-01T21:13:08+02:00","inLanguage":"de-DE","mainEntityOfPage":{"@id":"https:\/\/schunck.info\/?p=7054#webpage"},"isPartOf":{"@id":"https:\/\/schunck.info\/?p=7054#webpage"},"articleSection":"-NRW, Deutschland, NRW, Reisen &amp; Freizeit, Veranstaltung, Ahlen, Familie, Gewinner, Malwettbewerb, Polizei, Tag der Polizei"},{"@type":"BreadcrumbList","@id":"https:\/\/schunck.info\/?p=7054#breadcrumblist","itemListElement":[{"@type":"ListItem","@id":"https:\/\/schunck.info#listItem","position":1,"name":"Home","item":"https:\/\/schunck.info","nextItem":{"@type":"ListItem","@id":"https:\/\/schunck.info\/?cat=4#listItem","name":"Deutschland"}},{"@type":"ListItem","@id":"https:\/\/schunck.info\/?cat=4#listItem","position":2,"name":"Deutschland","item":"https:\/\/schunck.info\/?cat=4","nextItem":{"@type":"ListItem","@id":"https:\/\/schunck.info\/?cat=101#listItem","name":"NRW"},"previousItem":{"@type":"ListItem","@id":"https:\/\/schunck.info#listItem","name":"Home"}},{"@type":"ListItem","@id":"https:\/\/schunck.info\/?cat=101#listItem","position":3,"name":"NRW","item":"https:\/\/schunck.info\/?cat=101","nextItem":{"@type":"ListItem","@id":"https:\/\/schunck.info\/?p=7054#listItem","name":"Einladung f\u00fcr die ganze Familie: Kommen Sie zum &#8222;Tag der Polizei&#8220; nach Ahlen"},"previousItem":{"@type":"ListItem","@id":"https:\/\/schunck.info\/?cat=4#listItem","name":"Deutschland"}},{"@type":"ListItem","@id":"https:\/\/schunck.info\/?p=7054#listItem","position":4,"name":"Einladung f\u00fcr die ganze Familie: Kommen Sie zum &#8222;Tag der Polizei&#8220; nach Ahlen","previousItem":{"@type":"ListItem","@id":"https:\/\/schunck.info\/?cat=101#listItem","name":"NRW"}}]},{"@type":"Organization","@id":"https:\/\/schunck.info\/#organization","name":"www.schunck.info","url":"https:\/\/schunck.info\/","logo":{"@type":"ImageObject","url":"https:\/\/schunck.info\/wp-content\/uploads\/2026\/02\/cropped-cropped-cropped-cropped-cropped-schunck.info-text-rot-weiss-png11.png","@id":"https:\/\/schunck.info\/?p=7054\/#organizationLogo","width":786,"height":149},"image":{"@id":"https:\/\/schunck.info\/?p=7054\/#organizationLogo"},"sameAs":["https:\/\/twitter.com\/schunck_info","https:\/\/pinterest.com\/schunck_info","https:\/\/www.youtube.com\/user\/marcustobias2000","https:\/\/schunckinfo.tumblr.com\/","https:\/\/t.me\/schunck","http:\/\/vimeo.com\/schunckinfo"]},{"@type":"Person","@id":"https:\/\/schunck.info\/?author=1#author","url":"https:\/\/schunck.info\/?author=1","name":"admin","image":{"@type":"ImageObject","@id":"https:\/\/schunck.info\/?p=7054#authorImage","url":"https:\/\/secure.gravatar.com\/avatar\/1684227c29930ec7f618cf0ed5c5632eaeb7d3874f35414ed8dd619ad1f229a7?s=96&d=mm&r=g","width":96,"height":96,"caption":"admin"}},{"@type":"WebPage","@id":"https:\/\/schunck.info\/?p=7054#webpage","url":"https:\/\/schunck.info\/?p=7054","name":"Einladung f\u00fcr die ganze Familie: Kommen Sie zum \u201eTag der Polizei\u201c nach Ahlen - www.schunck.info","description":". Wir m\u00f6chten zusammen mit Ihnen einen unvergesslichen Tag erleben und freuen uns auf Ihren Besuch. Kommen Sie vorbei und besuchen Sie uns am Sonntag, 13. September, in unserer Polizeiwache in Ahlen, S\u00fcdberg 32. B\u00fcrgerinnen und B\u00fcrger von klein bis gro\u00df sind herzlich eingeladen, sich vor Ort \u00fcber unsere polizeiliche Arbeit zu informieren und im","inLanguage":"de-DE","isPartOf":{"@id":"https:\/\/schunck.info\/#website"},"breadcrumb":{"@id":"https:\/\/schunck.info\/?p=7054#breadcrumblist"},"author":{"@id":"https:\/\/schunck.info\/?author=1#author"},"creator":{"@id":"https:\/\/schunck.info\/?author=1#author"},"image":{"@type":"ImageObject","url":"https:\/\/schunck.info\/wp-content\/uploads\/2026\/06\/Polizei-Bundespolizei.jpg","@id":"https:\/\/schunck.info\/?p=7054\/#mainImage","width":900,"height":300,"caption":"04.06.26 bis 30.08.27"},"primaryImageOfPage":{"@id":"https:\/\/schunck.info\/?p=7054#mainImage"},"datePublished":"2026-09-02T13:03:00+02:00","dateModified":"2026-09-01T21:13:08+02:00"},{"@type":"WebSite","@id":"https:\/\/schunck.info\/#website","url":"https:\/\/schunck.info\/","name":"www.schunck.info","inLanguage":"de-DE","publisher":{"@id":"https:\/\/schunck.info\/#organization"}}]},"og:locale":"de_DE","og:site_name":"www.schunck.info -","og:type":"article","og:title":"Einladung f\u00fcr die ganze Familie: Kommen Sie zum \u201eTag der Polizei\u201c nach Ahlen - www.schunck.info","og:description":". Wir m\u00f6chten zusammen mit Ihnen einen unvergesslichen Tag erleben und freuen uns auf Ihren Besuch. Kommen Sie vorbei und besuchen Sie uns am Sonntag, 13. September, in unserer Polizeiwache in Ahlen, S\u00fcdberg 32. B\u00fcrgerinnen und B\u00fcrger von klein bis gro\u00df sind herzlich eingeladen, sich vor Ort \u00fcber unsere polizeiliche Arbeit zu informieren und im","og:url":"https:\/\/schunck.info\/?p=7054","og:image":"https:\/\/schunck.info\/wp-content\/uploads\/2026\/02\/cropped-cropped-cropped-cropped-cropped-schunck.info-text-rot-weiss-png11.png","og:image:secure_url":"https:\/\/schunck.info\/wp-content\/uploads\/2026\/02\/cropped-cropped-cropped-cropped-cropped-schunck.info-text-rot-weiss-png11.png","article:published_time":"2026-09-02T11:03:00+00:00","article:modified_time":"2026-09-01T19:13:08+00:00","twitter:card":"summary_large_image","twitter:site":"@schunck_info","twitter:title":"Einladung f\u00fcr die ganze Familie: Kommen Sie zum \u201eTag der Polizei\u201c nach Ahlen - www.schunck.info","twitter:description":". Wir m\u00f6chten zusammen mit Ihnen einen unvergesslichen Tag erleben und freuen uns auf Ihren Besuch. Kommen Sie vorbei und besuchen Sie uns am Sonntag, 13. September, in unserer Polizeiwache in Ahlen, S\u00fcdberg 32. B\u00fcrgerinnen und B\u00fcrger von klein bis gro\u00df sind herzlich eingeladen, sich vor Ort \u00fcber unsere polizeiliche Arbeit zu informieren und im","twitter:creator":"@schunck_info","twitter:image":"https:\/\/schunck.info\/wp-content\/uploads\/2026\/02\/cropped-cropped-cropped-cropped-cropped-schunck.info-text-rot-weiss-png11.png"},"aioseo_meta_data":{"post_id":"7054","title":null,"description":null,"keywords":null,"keyphrases":{"focus":{"keyphrase":"","score":0,"analysis":{"keyphraseInTitle":{"score":0,"maxScore":9,"error":1}}},"additional":[]},"primary_term":null,"canonical_url":null,"og_title":null,"og_description":null,"og_object_type":"default","og_image_type":"default","og_image_url":null,"og_image_width":null,"og_image_height":null,"og_image_custom_url":null,"og_image_custom_fields":null,"og_video":"","og_custom_url":null,"og_article_section":null,"og_article_tags":null,"twitter_use_og":false,"twitter_card":"default","twitter_image_type":"default","twitter_image_url":null,"twitter_image_custom_url":null,"twitter_image_custom_fields":null,"twitter_title":null,"twitter_description":null,"schema":{"blockGraphs":[],"customGraphs":[],"default":{"data":{"Article":[],"Course":[],"Dataset":[],"FAQPage":[],"Movie":[],"Person":[],"Product":[],"ProductReview":[],"Car":[],"Recipe":[],"Service":[],"SoftwareApplication":[],"WebPage":[]},"graphName":"BlogPosting","isEnabled":true},"graphs":[]},"schema_type":"default","schema_type_options":null,"pillar_content":false,"robots_default":true,"robots_noindex":false,"robots_noarchive":false,"robots_nosnippet":false,"robots_nofollow":false,"robots_noimageindex":false,"robots_noodp":false,"robots_notranslate":false,"robots_max_snippet":"-1","robots_max_videopreview":"-1","robots_max_imagepreview":"large","priority":null,"frequency":"default","local_seo":null,"breadcrumb_settings":null,"limit_modified_date":false,"ai":{"faqs":[],"keyPoints":[],"schemas":[],"titles":[],"descriptions":[],"socialPosts":{"email":{"subject":"","preview":"","content":""},"linkedin":[],"twitter":[],"facebook":[],"instagram":[]}},"created":"2026-09-01 19:10:21","updated":"2026-09-02 12:01:03","seo_analyzer_scan_date":null,"focus_keyword":null,"additional_keywords":null,"truseo_locale":null},"aioseo_breadcrumb":"<div class=\"aioseo-breadcrumbs\"><span class=\"aioseo-breadcrumb\">\n\t\t\t<a href=\"https:\/\/schunck.info\" title=\"Home\">Home<\/a>\n\t\t<\/span><span class=\"aioseo-breadcrumb-separator\">&raquo;<\/span><span class=\"aioseo-breadcrumb\">\n\t\t\t<a href=\"https:\/\/schunck.info\/?cat=4\" title=\"Deutschland\">Deutschland<\/a>\n\t\t<\/span><span class=\"aioseo-breadcrumb-separator\">&raquo;<\/span><span class=\"aioseo-breadcrumb\">\n\t\t\t<a href=\"https:\/\/schunck.info\/?cat=101\" title=\"NRW\">NRW<\/a>\n\t\t<\/span><span class=\"aioseo-breadcrumb-separator\">&raquo;<\/span><span class=\"aioseo-breadcrumb\">\n\t\t\tEinladung f\u00fcr die ganze Familie: Kommen Sie zum \u201eTag der Polizei\u201c nach Ahlen\n\t\t<\/span><\/div>","aioseo_breadcrumb_json":[{"label":"Home","link":"https:\/\/schunck.info"},{"label":"Deutschland","link":"https:\/\/schunck.info\/?cat=4"},{"label":"NRW","link":"https:\/\/schunck.info\/?cat=101"},{"label":"Einladung f\u00fcr die ganze Familie: Kommen Sie zum &#8222;Tag der Polizei&#8220; nach Ahlen","link":"https:\/\/schunck.info\/?p=7054"}],"featured_image_urls":{"full":["https:\/\/schunck.info\/wp-content\/uploads\/2026\/06\/Polizei-Bundespolizei.jpg",900,300,false],"thumbnail":["https:\/\/schunck.info\/wp-content\/uploads\/2026\/06\/Polizei-Bundespolizei.jpg",150,50,false],"medium":["https:\/\/schunck.info\/wp-content\/uploads\/2026\/06\/Polizei-Bundespolizei.jpg",300,100,false],"medium_large":["https:\/\/schunck.info\/wp-content\/uploads\/2026\/06\/Polizei-Bundespolizei.jpg",640,213,false],"large":["https:\/\/schunck.info\/wp-content\/uploads\/2026\/06\/Polizei-Bundespolizei.jpg",640,213,false],"1536x1536":["https:\/\/schunck.info\/wp-content\/uploads\/2026\/06\/Polizei-Bundespolizei.jpg",900,300,false],"2048x2048":["https:\/\/schunck.info\/wp-content\/uploads\/2026\/06\/Polizei-Bundespolizei.jpg",900,300,false],"reviewnews-large":["https:\/\/schunck.info\/wp-content\/uploads\/2026\/06\/Polizei-Bundespolizei.jpg",825,275,false],"reviewnews-medium":["https:\/\/schunck.info\/wp-content\/uploads\/2026\/06\/Polizei-Bundespolizei.jpg",590,197,false]},"author_info":{"info":["admin"]},"category_info":"<a href=\"https:\/\/schunck.info\/?cat=108\" rel=\"category\">-NRW<\/a> <a href=\"https:\/\/schunck.info\/?cat=4\" rel=\"category\">Deutschland<\/a> <a href=\"https:\/\/schunck.info\/?cat=101\" rel=\"category\">NRW<\/a> <a href=\"https:\/\/schunck.info\/?cat=72\" rel=\"category\">Reisen &amp; Freizeit<\/a> <a href=\"https:\/\/schunck.info\/?cat=327\" rel=\"category\">Veranstaltung<\/a>","tag_info":"Veranstaltung","comment_count":"0","publishpress_future_action":{"enabled":true,"date":"2026-09-19 21:03:00","action":"delete","newStatus":"draft","terms":[],"taxonomy":"category","extraData":[]},"publishpress_future_workflow_manual_trigger":{"enabledWorkflows":[]},"_links":{"self":[{"href":"https:\/\/schunck.info\/index.php?rest_route=\/wp\/v2\/posts\/7054","targetHints":{"allow":["GET"]}}],"collection":[{"href":"https:\/\/schunck.info\/index.php?rest_route=\/wp\/v2\/posts"}],"about":[{"href":"https:\/\/schunck.info\/index.php?rest_route=\/wp\/v2\/types\/post"}],"author":[{"embeddable":true,"href":"https:\/\/schunck.info\/index.php?rest_route=\/wp\/v2\/users\/1"}],"replies":[{"embeddable":true,"href":"https:\/\/schunck.info\/index.php?rest_route=%2Fwp%2Fv2%2Fcomments&post=7054"}],"version-history":[{"count":1,"href":"https:\/\/schunck.info\/index.php?rest_route=\/wp\/v2\/posts\/7054\/revisions"}],"predecessor-version":[{"id":7055,"href":"https:\/\/schunck.info\/index.php?rest_route=\/wp\/v2\/posts\/7054\/revisions\/7055"}],"wp:featuredmedia":[{"embeddable":true,"href":"https:\/\/schunck.info\/index.php?rest_route=\/wp\/v2\/media\/3779"}],"wp:attachment":[{"href":"https:\/\/schunck.info\/index.php?rest_route=%2Fwp%2Fv2%2Fmedia&parent=7054"}],"wp:term":[{"taxonomy":"category","embeddable":true,"href":"https:\/\/schunck.info\/index.php?rest_route=%2Fwp%2Fv2%2Fcategories&post=7054"},{"taxonomy":"post_tag","embeddable":true,"href":"https:\/\/schunck.info\/index.php?rest_route=%2Fwp%2Fv2%2Ftags&post=7054"}],"curies":[{"name":"wp","href":"https:\/\/api.w.org\/{rel}","templated":true}]}}