{"id":7162,"date":"2026-09-05T15:10:00","date_gmt":"2026-09-05T13:10:00","guid":{"rendered":"https:\/\/schunck.info\/?p=7162"},"modified":"2026-09-04T22:18:46","modified_gmt":"2026-09-04T20:18:46","slug":"muenster-meins-bleibt-meins-kostenlose-fahrradregistrierung-am-08-09-26","status":"publish","type":"post","link":"https:\/\/schunck.info\/?p=7162","title":{"rendered":"M\u00fcnster: &#8222;Meins bleibt Meins!&#8220; &#8211; Kostenlose Fahrradregistrierung am 08.09.26"},"content":{"rendered":"<p>.<\/p>\n<p style=\"text-align: justify;\">\nM\u00fcnster- Am Dienstag (08.09.) findet in der Zeit von 10 bis 13 Uhr die n\u00e4chste Fahrradregistrierungs-Aktion der Polizei M\u00fcnster am Harsewinkelplatz statt.<\/p>\n<p style=\"text-align: justify;\">\nDie Fahrradregistrierung ist ein wichtiger Beitrag, den die M\u00fcnsteraner selbst im Kampf gegen den Fahrraddiebstahl leisten k\u00f6nnen. Denn registrierte Fahrr\u00e4der lassen sich sofort ihrem Besitzer zuordnen. Wenn die Daten im System bei einer \u00dcberpr\u00fcfung nicht mit dem Nutzenden \u00fcbereinstimmen, befindet sich dieser in der Erkl\u00e4rungspflicht. Die Polizei M\u00fcnster bittet alle Interessierten, neben dem Fahrrad auch den Personalausweis und im Idealfall auch den Kaufbeleg (nicht zwingend erforderlich) zur kostenlosen Registrierung mitzubringen.<\/p>\n<p style=\"text-align: justify;\">\nUnabh\u00e4ngig von dieser Aktion besteht an jedem Tag rund um die Uhr die M\u00f6glichkeit, sein Fahrrad an jeder Polizeiwache im Stadtgebiet registrieren zu lassen.<\/p>\n<p style=\"text-align: justify;\">\nAlle weiteren Termine finden Sie auf der Internetseite https:\/\/muenster.polizei.nrw\/artikel\/meins-bleibt-meins-0 der Polizei M\u00fcnster.<\/p>\n<p><small>Bild- und Text-Quelle: ots (Polizei M\u00fcnster)<\/small><\/p>\n","protected":false},"excerpt":{"rendered":"<p>. M\u00fcnster- Am Dienstag (08.09.) findet in der Zeit von 10 bis 13 Uhr die n\u00e4chste Fahrradregistrierungs-Aktion der<\/p>\n","protected":false},"author":1,"featured_media":2781,"comment_status":"closed","ping_status":"closed","sticky":false,"template":"","format":"standard","meta":{"_monsterinsights_skip_tracking":false,"footnotes":""},"categories":[108,4,101,72,327],"tags":[1047,920,4222,4221,60],"class_list":["post-7162","post","type-post","status-publish","format-standard","has-post-thumbnail","hentry","category-nrw-deutschland","category-deutschland","category-nrw","category-reisen-freizeit","category-veranstaltung","tag-fahrradregistrierung","tag-kostenlos","tag-meins-bleibt-msins","tag-muenstger","tag-polizei"],"aioseo_notices":[],"aioseo_head":"\n\t\t<!-- All in One SEO 5.0.1.1 - aioseo.com -->\n\t<meta name=\"description\" content=\". M\u00fcnster- Am Dienstag (08.09.) findet in der Zeit von 10 bis 13 Uhr die n\u00e4chste Fahrradregistrierungs-Aktion der Polizei M\u00fcnster am Harsewinkelplatz statt. Die Fahrradregistrierung ist ein wichtiger Beitrag, den die M\u00fcnsteraner selbst im Kampf gegen den Fahrraddiebstahl leisten k\u00f6nnen. Denn registrierte Fahrr\u00e4der lassen sich sofort ihrem Besitzer zuordnen. Wenn die Daten im System bei\" \/>\n\t<meta name=\"robots\" content=\"max-image-preview:large\" \/>\n\t<meta name=\"author\" content=\"admin\"\/>\n\t<link rel=\"canonical\" href=\"https:\/\/schunck.info\/?p=7162\" \/>\n\t<meta name=\"generator\" content=\"All in One SEO (AIOSEO) 5.0.1.1\" \/>\n\t\t<meta property=\"og:locale\" content=\"de_DE\" \/>\n\t\t<meta property=\"og:site_name\" content=\"www.schunck.info -\" \/>\n\t\t<meta property=\"og:type\" content=\"article\" \/>\n\t\t<meta property=\"og:title\" content=\"M\u00fcnster: \u201eMeins bleibt Meins!\u201c \u2013 Kostenlose Fahrradregistrierung am 08.09.26 - www.schunck.info\" \/>\n\t\t<meta property=\"og:description\" content=\". M\u00fcnster- Am Dienstag (08.09.) findet in der Zeit von 10 bis 13 Uhr die n\u00e4chste Fahrradregistrierungs-Aktion der Polizei M\u00fcnster am Harsewinkelplatz statt. Die Fahrradregistrierung ist ein wichtiger Beitrag, den die M\u00fcnsteraner selbst im Kampf gegen den Fahrraddiebstahl leisten k\u00f6nnen. Denn registrierte Fahrr\u00e4der lassen sich sofort ihrem Besitzer zuordnen. Wenn die Daten im System bei\" \/>\n\t\t<meta property=\"og:url\" content=\"https:\/\/schunck.info\/?p=7162\" \/>\n\t\t<meta property=\"og:image\" content=\"https:\/\/schunck.info\/wp-content\/uploads\/2026\/02\/cropped-cropped-cropped-cropped-cropped-schunck.info-text-rot-weiss-png11.png\" \/>\n\t\t<meta property=\"og:image:secure_url\" content=\"https:\/\/schunck.info\/wp-content\/uploads\/2026\/02\/cropped-cropped-cropped-cropped-cropped-schunck.info-text-rot-weiss-png11.png\" \/>\n\t\t<meta property=\"article:published_time\" content=\"2026-09-05T13:10:00+00:00\" \/>\n\t\t<meta property=\"article:modified_time\" content=\"2026-09-04T20:18:46+00:00\" \/>\n\t\t<meta name=\"twitter:card\" content=\"summary_large_image\" \/>\n\t\t<meta name=\"twitter:site\" content=\"@schunck_info\" \/>\n\t\t<meta name=\"twitter:title\" content=\"M\u00fcnster: \u201eMeins bleibt Meins!\u201c \u2013 Kostenlose Fahrradregistrierung am 08.09.26 - www.schunck.info\" \/>\n\t\t<meta name=\"twitter:description\" content=\". M\u00fcnster- Am Dienstag (08.09.) findet in der Zeit von 10 bis 13 Uhr die n\u00e4chste Fahrradregistrierungs-Aktion der Polizei M\u00fcnster am Harsewinkelplatz statt. Die Fahrradregistrierung ist ein wichtiger Beitrag, den die M\u00fcnsteraner selbst im Kampf gegen den Fahrraddiebstahl leisten k\u00f6nnen. Denn registrierte Fahrr\u00e4der lassen sich sofort ihrem Besitzer zuordnen. Wenn die Daten im System bei\" \/>\n\t\t<meta name=\"twitter:creator\" content=\"@schunck_info\" \/>\n\t\t<meta name=\"twitter:image\" content=\"https:\/\/schunck.info\/wp-content\/uploads\/2026\/02\/cropped-cropped-cropped-cropped-cropped-schunck.info-text-rot-weiss-png11.png\" \/>\n\t\t<script type=\"application\/ld+json\" class=\"aioseo-schema\">\n\t\t\t{\"@context\":\"https:\\\/\\\/schema.org\",\"@graph\":[{\"@type\":\"BlogPosting\",\"@id\":\"https:\\\/\\\/schunck.info\\\/?p=7162#blogposting\",\"name\":\"M\\u00fcnster: \\u201eMeins bleibt Meins!\\u201c \\u2013 Kostenlose Fahrradregistrierung am 08.09.26 - www.schunck.info\",\"headline\":\"M\\u00fcnster: &#8222;Meins bleibt Meins!&#8220; &#8211; Kostenlose Fahrradregistrierung am 08.09.26\",\"author\":{\"@id\":\"https:\\\/\\\/schunck.info\\\/?author=1#author\"},\"publisher\":{\"@id\":\"https:\\\/\\\/schunck.info\\\/#organization\"},\"image\":{\"@type\":\"ImageObject\",\"url\":\"https:\\\/\\\/schunck.info\\\/wp-content\\\/uploads\\\/2026\\\/05\\\/Screenshot-2026-05-08-at-22-12-21-Meins-bleibt-mein-Fahrradaktion-Muenster-Suchen-Bilder.png\",\"width\":630,\"height\":412,\"caption\":\"09.05.26 bis 30.09.27\"},\"datePublished\":\"2026-09-05T15:10:00+02:00\",\"dateModified\":\"2026-09-04T22:18:46+02:00\",\"inLanguage\":\"de-DE\",\"mainEntityOfPage\":{\"@id\":\"https:\\\/\\\/schunck.info\\\/?p=7162#webpage\"},\"isPartOf\":{\"@id\":\"https:\\\/\\\/schunck.info\\\/?p=7162#webpage\"},\"articleSection\":\"-NRW, Deutschland, NRW, Reisen &amp; Freizeit, Veranstaltung, Fahrradregistrierung, kostenlos, Meins bleibt Msins, M\\u00fcnstger, Polizei\"},{\"@type\":\"BreadcrumbList\",\"@id\":\"https:\\\/\\\/schunck.info\\\/?p=7162#breadcrumblist\",\"itemListElement\":[{\"@type\":\"ListItem\",\"@id\":\"https:\\\/\\\/schunck.info#listItem\",\"position\":1,\"name\":\"Home\",\"item\":\"https:\\\/\\\/schunck.info\",\"nextItem\":{\"@type\":\"ListItem\",\"@id\":\"https:\\\/\\\/schunck.info\\\/?cat=4#listItem\",\"name\":\"Deutschland\"}},{\"@type\":\"ListItem\",\"@id\":\"https:\\\/\\\/schunck.info\\\/?cat=4#listItem\",\"position\":2,\"name\":\"Deutschland\",\"item\":\"https:\\\/\\\/schunck.info\\\/?cat=4\",\"nextItem\":{\"@type\":\"ListItem\",\"@id\":\"https:\\\/\\\/schunck.info\\\/?cat=101#listItem\",\"name\":\"NRW\"},\"previousItem\":{\"@type\":\"ListItem\",\"@id\":\"https:\\\/\\\/schunck.info#listItem\",\"name\":\"Home\"}},{\"@type\":\"ListItem\",\"@id\":\"https:\\\/\\\/schunck.info\\\/?cat=101#listItem\",\"position\":3,\"name\":\"NRW\",\"item\":\"https:\\\/\\\/schunck.info\\\/?cat=101\",\"nextItem\":{\"@type\":\"ListItem\",\"@id\":\"https:\\\/\\\/schunck.info\\\/?p=7162#listItem\",\"name\":\"M\\u00fcnster: &#8222;Meins bleibt Meins!&#8220; &#8211; Kostenlose Fahrradregistrierung am 08.09.26\"},\"previousItem\":{\"@type\":\"ListItem\",\"@id\":\"https:\\\/\\\/schunck.info\\\/?cat=4#listItem\",\"name\":\"Deutschland\"}},{\"@type\":\"ListItem\",\"@id\":\"https:\\\/\\\/schunck.info\\\/?p=7162#listItem\",\"position\":4,\"name\":\"M\\u00fcnster: &#8222;Meins bleibt Meins!&#8220; &#8211; Kostenlose Fahrradregistrierung am 08.09.26\",\"previousItem\":{\"@type\":\"ListItem\",\"@id\":\"https:\\\/\\\/schunck.info\\\/?cat=101#listItem\",\"name\":\"NRW\"}}]},{\"@type\":\"Organization\",\"@id\":\"https:\\\/\\\/schunck.info\\\/#organization\",\"name\":\"www.schunck.info\",\"url\":\"https:\\\/\\\/schunck.info\\\/\",\"logo\":{\"@type\":\"ImageObject\",\"url\":\"https:\\\/\\\/schunck.info\\\/wp-content\\\/uploads\\\/2026\\\/02\\\/cropped-cropped-cropped-cropped-cropped-schunck.info-text-rot-weiss-png11.png\",\"@id\":\"https:\\\/\\\/schunck.info\\\/?p=7162\\\/#organizationLogo\",\"width\":786,\"height\":149},\"image\":{\"@id\":\"https:\\\/\\\/schunck.info\\\/?p=7162\\\/#organizationLogo\"},\"sameAs\":[\"https:\\\/\\\/twitter.com\\\/schunck_info\",\"https:\\\/\\\/pinterest.com\\\/schunck_info\",\"https:\\\/\\\/www.youtube.com\\\/user\\\/marcustobias2000\",\"https:\\\/\\\/schunckinfo.tumblr.com\\\/\",\"https:\\\/\\\/t.me\\\/schunck\",\"http:\\\/\\\/vimeo.com\\\/schunckinfo\"]},{\"@type\":\"Person\",\"@id\":\"https:\\\/\\\/schunck.info\\\/?author=1#author\",\"url\":\"https:\\\/\\\/schunck.info\\\/?author=1\",\"name\":\"admin\",\"image\":{\"@type\":\"ImageObject\",\"@id\":\"https:\\\/\\\/schunck.info\\\/?p=7162#authorImage\",\"url\":\"https:\\\/\\\/secure.gravatar.com\\\/avatar\\\/1684227c29930ec7f618cf0ed5c5632eaeb7d3874f35414ed8dd619ad1f229a7?s=96&d=mm&r=g\",\"width\":96,\"height\":96,\"caption\":\"admin\"}},{\"@type\":\"WebPage\",\"@id\":\"https:\\\/\\\/schunck.info\\\/?p=7162#webpage\",\"url\":\"https:\\\/\\\/schunck.info\\\/?p=7162\",\"name\":\"M\\u00fcnster: \\u201eMeins bleibt Meins!\\u201c \\u2013 Kostenlose Fahrradregistrierung am 08.09.26 - www.schunck.info\",\"description\":\". M\\u00fcnster- Am Dienstag (08.09.) findet in der Zeit von 10 bis 13 Uhr die n\\u00e4chste Fahrradregistrierungs-Aktion der Polizei M\\u00fcnster am Harsewinkelplatz statt. Die Fahrradregistrierung ist ein wichtiger Beitrag, den die M\\u00fcnsteraner selbst im Kampf gegen den Fahrraddiebstahl leisten k\\u00f6nnen. Denn registrierte Fahrr\\u00e4der lassen sich sofort ihrem Besitzer zuordnen. Wenn die Daten im System bei\",\"inLanguage\":\"de-DE\",\"isPartOf\":{\"@id\":\"https:\\\/\\\/schunck.info\\\/#website\"},\"breadcrumb\":{\"@id\":\"https:\\\/\\\/schunck.info\\\/?p=7162#breadcrumblist\"},\"author\":{\"@id\":\"https:\\\/\\\/schunck.info\\\/?author=1#author\"},\"creator\":{\"@id\":\"https:\\\/\\\/schunck.info\\\/?author=1#author\"},\"image\":{\"@type\":\"ImageObject\",\"url\":\"https:\\\/\\\/schunck.info\\\/wp-content\\\/uploads\\\/2026\\\/05\\\/Screenshot-2026-05-08-at-22-12-21-Meins-bleibt-mein-Fahrradaktion-Muenster-Suchen-Bilder.png\",\"@id\":\"https:\\\/\\\/schunck.info\\\/?p=7162\\\/#mainImage\",\"width\":630,\"height\":412,\"caption\":\"09.05.26 bis 30.09.27\"},\"primaryImageOfPage\":{\"@id\":\"https:\\\/\\\/schunck.info\\\/?p=7162#mainImage\"},\"datePublished\":\"2026-09-05T15:10:00+02:00\",\"dateModified\":\"2026-09-04T22:18:46+02:00\"},{\"@type\":\"WebSite\",\"@id\":\"https:\\\/\\\/schunck.info\\\/#website\",\"url\":\"https:\\\/\\\/schunck.info\\\/\",\"name\":\"www.schunck.info\",\"inLanguage\":\"de-DE\",\"publisher\":{\"@id\":\"https:\\\/\\\/schunck.info\\\/#organization\"}}]}\n\t\t<\/script>\n\t\t<!-- All in One SEO -->\n\n","aioseo_head_json":{"title":"M\u00fcnster: \u201eMeins bleibt Meins!\u201c \u2013 Kostenlose Fahrradregistrierung am 08.09.26 - www.schunck.info","description":". M\u00fcnster- Am Dienstag (08.09.) findet in der Zeit von 10 bis 13 Uhr die n\u00e4chste Fahrradregistrierungs-Aktion der Polizei M\u00fcnster am Harsewinkelplatz statt. Die Fahrradregistrierung ist ein wichtiger Beitrag, den die M\u00fcnsteraner selbst im Kampf gegen den Fahrraddiebstahl leisten k\u00f6nnen. Denn registrierte Fahrr\u00e4der lassen sich sofort ihrem Besitzer zuordnen. Wenn die Daten im System bei","canonical_url":"https:\/\/schunck.info\/?p=7162","robots":"max-image-preview:large","keywords":"","webmasterTools":{"miscellaneous":""},"schema":{"@context":"https:\/\/schema.org","@graph":[{"@type":"BlogPosting","@id":"https:\/\/schunck.info\/?p=7162#blogposting","name":"M\u00fcnster: \u201eMeins bleibt Meins!\u201c \u2013 Kostenlose Fahrradregistrierung am 08.09.26 - www.schunck.info","headline":"M\u00fcnster: &#8222;Meins bleibt Meins!&#8220; &#8211; Kostenlose Fahrradregistrierung am 08.09.26","author":{"@id":"https:\/\/schunck.info\/?author=1#author"},"publisher":{"@id":"https:\/\/schunck.info\/#organization"},"image":{"@type":"ImageObject","url":"https:\/\/schunck.info\/wp-content\/uploads\/2026\/05\/Screenshot-2026-05-08-at-22-12-21-Meins-bleibt-mein-Fahrradaktion-Muenster-Suchen-Bilder.png","width":630,"height":412,"caption":"09.05.26 bis 30.09.27"},"datePublished":"2026-09-05T15:10:00+02:00","dateModified":"2026-09-04T22:18:46+02:00","inLanguage":"de-DE","mainEntityOfPage":{"@id":"https:\/\/schunck.info\/?p=7162#webpage"},"isPartOf":{"@id":"https:\/\/schunck.info\/?p=7162#webpage"},"articleSection":"-NRW, Deutschland, NRW, Reisen &amp; Freizeit, Veranstaltung, Fahrradregistrierung, kostenlos, Meins bleibt Msins, M\u00fcnstger, Polizei"},{"@type":"BreadcrumbList","@id":"https:\/\/schunck.info\/?p=7162#breadcrumblist","itemListElement":[{"@type":"ListItem","@id":"https:\/\/schunck.info#listItem","position":1,"name":"Home","item":"https:\/\/schunck.info","nextItem":{"@type":"ListItem","@id":"https:\/\/schunck.info\/?cat=4#listItem","name":"Deutschland"}},{"@type":"ListItem","@id":"https:\/\/schunck.info\/?cat=4#listItem","position":2,"name":"Deutschland","item":"https:\/\/schunck.info\/?cat=4","nextItem":{"@type":"ListItem","@id":"https:\/\/schunck.info\/?cat=101#listItem","name":"NRW"},"previousItem":{"@type":"ListItem","@id":"https:\/\/schunck.info#listItem","name":"Home"}},{"@type":"ListItem","@id":"https:\/\/schunck.info\/?cat=101#listItem","position":3,"name":"NRW","item":"https:\/\/schunck.info\/?cat=101","nextItem":{"@type":"ListItem","@id":"https:\/\/schunck.info\/?p=7162#listItem","name":"M\u00fcnster: &#8222;Meins bleibt Meins!&#8220; &#8211; Kostenlose Fahrradregistrierung am 08.09.26"},"previousItem":{"@type":"ListItem","@id":"https:\/\/schunck.info\/?cat=4#listItem","name":"Deutschland"}},{"@type":"ListItem","@id":"https:\/\/schunck.info\/?p=7162#listItem","position":4,"name":"M\u00fcnster: &#8222;Meins bleibt Meins!&#8220; &#8211; Kostenlose Fahrradregistrierung am 08.09.26","previousItem":{"@type":"ListItem","@id":"https:\/\/schunck.info\/?cat=101#listItem","name":"NRW"}}]},{"@type":"Organization","@id":"https:\/\/schunck.info\/#organization","name":"www.schunck.info","url":"https:\/\/schunck.info\/","logo":{"@type":"ImageObject","url":"https:\/\/schunck.info\/wp-content\/uploads\/2026\/02\/cropped-cropped-cropped-cropped-cropped-schunck.info-text-rot-weiss-png11.png","@id":"https:\/\/schunck.info\/?p=7162\/#organizationLogo","width":786,"height":149},"image":{"@id":"https:\/\/schunck.info\/?p=7162\/#organizationLogo"},"sameAs":["https:\/\/twitter.com\/schunck_info","https:\/\/pinterest.com\/schunck_info","https:\/\/www.youtube.com\/user\/marcustobias2000","https:\/\/schunckinfo.tumblr.com\/","https:\/\/t.me\/schunck","http:\/\/vimeo.com\/schunckinfo"]},{"@type":"Person","@id":"https:\/\/schunck.info\/?author=1#author","url":"https:\/\/schunck.info\/?author=1","name":"admin","image":{"@type":"ImageObject","@id":"https:\/\/schunck.info\/?p=7162#authorImage","url":"https:\/\/secure.gravatar.com\/avatar\/1684227c29930ec7f618cf0ed5c5632eaeb7d3874f35414ed8dd619ad1f229a7?s=96&d=mm&r=g","width":96,"height":96,"caption":"admin"}},{"@type":"WebPage","@id":"https:\/\/schunck.info\/?p=7162#webpage","url":"https:\/\/schunck.info\/?p=7162","name":"M\u00fcnster: \u201eMeins bleibt Meins!\u201c \u2013 Kostenlose Fahrradregistrierung am 08.09.26 - www.schunck.info","description":". M\u00fcnster- Am Dienstag (08.09.) findet in der Zeit von 10 bis 13 Uhr die n\u00e4chste Fahrradregistrierungs-Aktion der Polizei M\u00fcnster am Harsewinkelplatz statt. Die Fahrradregistrierung ist ein wichtiger Beitrag, den die M\u00fcnsteraner selbst im Kampf gegen den Fahrraddiebstahl leisten k\u00f6nnen. Denn registrierte Fahrr\u00e4der lassen sich sofort ihrem Besitzer zuordnen. Wenn die Daten im System bei","inLanguage":"de-DE","isPartOf":{"@id":"https:\/\/schunck.info\/#website"},"breadcrumb":{"@id":"https:\/\/schunck.info\/?p=7162#breadcrumblist"},"author":{"@id":"https:\/\/schunck.info\/?author=1#author"},"creator":{"@id":"https:\/\/schunck.info\/?author=1#author"},"image":{"@type":"ImageObject","url":"https:\/\/schunck.info\/wp-content\/uploads\/2026\/05\/Screenshot-2026-05-08-at-22-12-21-Meins-bleibt-mein-Fahrradaktion-Muenster-Suchen-Bilder.png","@id":"https:\/\/schunck.info\/?p=7162\/#mainImage","width":630,"height":412,"caption":"09.05.26 bis 30.09.27"},"primaryImageOfPage":{"@id":"https:\/\/schunck.info\/?p=7162#mainImage"},"datePublished":"2026-09-05T15:10:00+02:00","dateModified":"2026-09-04T22:18:46+02:00"},{"@type":"WebSite","@id":"https:\/\/schunck.info\/#website","url":"https:\/\/schunck.info\/","name":"www.schunck.info","inLanguage":"de-DE","publisher":{"@id":"https:\/\/schunck.info\/#organization"}}]},"og:locale":"de_DE","og:site_name":"www.schunck.info -","og:type":"article","og:title":"M\u00fcnster: \u201eMeins bleibt Meins!\u201c \u2013 Kostenlose Fahrradregistrierung am 08.09.26 - www.schunck.info","og:description":". M\u00fcnster- Am Dienstag (08.09.) findet in der Zeit von 10 bis 13 Uhr die n\u00e4chste Fahrradregistrierungs-Aktion der Polizei M\u00fcnster am Harsewinkelplatz statt. Die Fahrradregistrierung ist ein wichtiger Beitrag, den die M\u00fcnsteraner selbst im Kampf gegen den Fahrraddiebstahl leisten k\u00f6nnen. Denn registrierte Fahrr\u00e4der lassen sich sofort ihrem Besitzer zuordnen. Wenn die Daten im System bei","og:url":"https:\/\/schunck.info\/?p=7162","og:image":"https:\/\/schunck.info\/wp-content\/uploads\/2026\/02\/cropped-cropped-cropped-cropped-cropped-schunck.info-text-rot-weiss-png11.png","og:image:secure_url":"https:\/\/schunck.info\/wp-content\/uploads\/2026\/02\/cropped-cropped-cropped-cropped-cropped-schunck.info-text-rot-weiss-png11.png","article:published_time":"2026-09-05T13:10:00+00:00","article:modified_time":"2026-09-04T20:18:46+00:00","twitter:card":"summary_large_image","twitter:site":"@schunck_info","twitter:title":"M\u00fcnster: \u201eMeins bleibt Meins!\u201c \u2013 Kostenlose Fahrradregistrierung am 08.09.26 - www.schunck.info","twitter:description":". M\u00fcnster- Am Dienstag (08.09.) findet in der Zeit von 10 bis 13 Uhr die n\u00e4chste Fahrradregistrierungs-Aktion der Polizei M\u00fcnster am Harsewinkelplatz statt. Die Fahrradregistrierung ist ein wichtiger Beitrag, den die M\u00fcnsteraner selbst im Kampf gegen den Fahrraddiebstahl leisten k\u00f6nnen. Denn registrierte Fahrr\u00e4der lassen sich sofort ihrem Besitzer zuordnen. Wenn die Daten im System bei","twitter:creator":"@schunck_info","twitter:image":"https:\/\/schunck.info\/wp-content\/uploads\/2026\/02\/cropped-cropped-cropped-cropped-cropped-schunck.info-text-rot-weiss-png11.png"},"aioseo_meta_data":{"post_id":"7162","title":null,"description":null,"keywords":null,"keyphrases":{"focus":{"keyphrase":"","score":0,"analysis":{"keyphraseInTitle":{"score":0,"maxScore":9,"error":1}}},"additional":[]},"primary_term":null,"canonical_url":null,"og_title":null,"og_description":null,"og_object_type":"default","og_image_type":"default","og_image_url":null,"og_image_width":null,"og_image_height":null,"og_image_custom_url":null,"og_image_custom_fields":null,"og_video":"","og_custom_url":null,"og_article_section":null,"og_article_tags":null,"twitter_use_og":false,"twitter_card":"default","twitter_image_type":"default","twitter_image_url":null,"twitter_image_custom_url":null,"twitter_image_custom_fields":null,"twitter_title":null,"twitter_description":null,"schema":{"blockGraphs":[],"customGraphs":[],"default":{"data":{"Article":[],"Course":[],"Dataset":[],"FAQPage":[],"Movie":[],"Person":[],"Product":[],"ProductReview":[],"Car":[],"Recipe":[],"Service":[],"SoftwareApplication":[],"WebPage":[]},"graphName":"BlogPosting","isEnabled":true},"graphs":[]},"schema_type":"default","schema_type_options":null,"pillar_content":false,"robots_default":true,"robots_noindex":false,"robots_noarchive":false,"robots_nosnippet":false,"robots_nofollow":false,"robots_noimageindex":false,"robots_noodp":false,"robots_notranslate":false,"robots_max_snippet":"-1","robots_max_videopreview":"-1","robots_max_imagepreview":"large","priority":null,"frequency":"default","local_seo":null,"breadcrumb_settings":null,"limit_modified_date":false,"ai":{"faqs":[],"keyPoints":[],"schemas":[],"titles":[],"descriptions":[],"socialPosts":{"email":{"subject":"","preview":"","content":""},"linkedin":[],"twitter":[],"facebook":[],"instagram":[]}},"created":"2026-09-04 20:15:33","updated":"2026-09-05 14:14:06","seo_analyzer_scan_date":null,"focus_keyword":null,"additional_keywords":null,"truseo_locale":null},"aioseo_breadcrumb":"<div class=\"aioseo-breadcrumbs\"><span class=\"aioseo-breadcrumb\">\n\t\t\t<a href=\"https:\/\/schunck.info\" title=\"Home\">Home<\/a>\n\t\t<\/span><span class=\"aioseo-breadcrumb-separator\">&raquo;<\/span><span class=\"aioseo-breadcrumb\">\n\t\t\t<a href=\"https:\/\/schunck.info\/?cat=4\" title=\"Deutschland\">Deutschland<\/a>\n\t\t<\/span><span class=\"aioseo-breadcrumb-separator\">&raquo;<\/span><span class=\"aioseo-breadcrumb\">\n\t\t\t<a href=\"https:\/\/schunck.info\/?cat=101\" title=\"NRW\">NRW<\/a>\n\t\t<\/span><span class=\"aioseo-breadcrumb-separator\">&raquo;<\/span><span class=\"aioseo-breadcrumb\">\n\t\t\tM\u00fcnster: \u201eMeins bleibt Meins!\u201c \u2013 Kostenlose Fahrradregistrierung am 08.09.26\n\t\t<\/span><\/div>","aioseo_breadcrumb_json":[{"label":"Home","link":"https:\/\/schunck.info"},{"label":"Deutschland","link":"https:\/\/schunck.info\/?cat=4"},{"label":"NRW","link":"https:\/\/schunck.info\/?cat=101"},{"label":"M\u00fcnster: &#8222;Meins bleibt Meins!&#8220; &#8211; Kostenlose Fahrradregistrierung am 08.09.26","link":"https:\/\/schunck.info\/?p=7162"}],"featured_image_urls":{"full":["https:\/\/schunck.info\/wp-content\/uploads\/2026\/05\/Screenshot-2026-05-08-at-22-12-21-Meins-bleibt-mein-Fahrradaktion-Muenster-Suchen-Bilder.png",630,412,false],"thumbnail":["https:\/\/schunck.info\/wp-content\/uploads\/2026\/05\/Screenshot-2026-05-08-at-22-12-21-Meins-bleibt-mein-Fahrradaktion-Muenster-Suchen-Bilder.png",150,98,false],"medium":["https:\/\/schunck.info\/wp-content\/uploads\/2026\/05\/Screenshot-2026-05-08-at-22-12-21-Meins-bleibt-mein-Fahrradaktion-Muenster-Suchen-Bilder.png",300,196,false],"medium_large":["https:\/\/schunck.info\/wp-content\/uploads\/2026\/05\/Screenshot-2026-05-08-at-22-12-21-Meins-bleibt-mein-Fahrradaktion-Muenster-Suchen-Bilder.png",630,412,false],"large":["https:\/\/schunck.info\/wp-content\/uploads\/2026\/05\/Screenshot-2026-05-08-at-22-12-21-Meins-bleibt-mein-Fahrradaktion-Muenster-Suchen-Bilder.png",630,412,false],"1536x1536":["https:\/\/schunck.info\/wp-content\/uploads\/2026\/05\/Screenshot-2026-05-08-at-22-12-21-Meins-bleibt-mein-Fahrradaktion-Muenster-Suchen-Bilder.png",630,412,false],"2048x2048":["https:\/\/schunck.info\/wp-content\/uploads\/2026\/05\/Screenshot-2026-05-08-at-22-12-21-Meins-bleibt-mein-Fahrradaktion-Muenster-Suchen-Bilder.png",630,412,false],"reviewnews-large":["https:\/\/schunck.info\/wp-content\/uploads\/2026\/05\/Screenshot-2026-05-08-at-22-12-21-Meins-bleibt-mein-Fahrradaktion-Muenster-Suchen-Bilder.png",630,412,false],"reviewnews-medium":["https:\/\/schunck.info\/wp-content\/uploads\/2026\/05\/Screenshot-2026-05-08-at-22-12-21-Meins-bleibt-mein-Fahrradaktion-Muenster-Suchen-Bilder.png",590,386,false]},"author_info":{"info":["admin"]},"category_info":"<a href=\"https:\/\/schunck.info\/?cat=108\" rel=\"category\">-NRW<\/a> <a href=\"https:\/\/schunck.info\/?cat=4\" rel=\"category\">Deutschland<\/a> <a href=\"https:\/\/schunck.info\/?cat=101\" rel=\"category\">NRW<\/a> <a href=\"https:\/\/schunck.info\/?cat=72\" rel=\"category\">Reisen &amp; Freizeit<\/a> <a href=\"https:\/\/schunck.info\/?cat=327\" rel=\"category\">Veranstaltung<\/a>","tag_info":"Veranstaltung","comment_count":"0","publishpress_future_action":{"enabled":true,"date":"2026-09-15 22:10:00","action":"delete","newStatus":"draft","terms":[],"taxonomy":"category","extraData":[]},"publishpress_future_workflow_manual_trigger":{"enabledWorkflows":[]},"_links":{"self":[{"href":"https:\/\/schunck.info\/index.php?rest_route=\/wp\/v2\/posts\/7162","targetHints":{"allow":["GET"]}}],"collection":[{"href":"https:\/\/schunck.info\/index.php?rest_route=\/wp\/v2\/posts"}],"about":[{"href":"https:\/\/schunck.info\/index.php?rest_route=\/wp\/v2\/types\/post"}],"author":[{"embeddable":true,"href":"https:\/\/schunck.info\/index.php?rest_route=\/wp\/v2\/users\/1"}],"replies":[{"embeddable":true,"href":"https:\/\/schunck.info\/index.php?rest_route=%2Fwp%2Fv2%2Fcomments&post=7162"}],"version-history":[{"count":1,"href":"https:\/\/schunck.info\/index.php?rest_route=\/wp\/v2\/posts\/7162\/revisions"}],"predecessor-version":[{"id":7163,"href":"https:\/\/schunck.info\/index.php?rest_route=\/wp\/v2\/posts\/7162\/revisions\/7163"}],"wp:featuredmedia":[{"embeddable":true,"href":"https:\/\/schunck.info\/index.php?rest_route=\/wp\/v2\/media\/2781"}],"wp:attachment":[{"href":"https:\/\/schunck.info\/index.php?rest_route=%2Fwp%2Fv2%2Fmedia&parent=7162"}],"wp:term":[{"taxonomy":"category","embeddable":true,"href":"https:\/\/schunck.info\/index.php?rest_route=%2Fwp%2Fv2%2Fcategories&post=7162"},{"taxonomy":"post_tag","embeddable":true,"href":"https:\/\/schunck.info\/index.php?rest_route=%2Fwp%2Fv2%2Ftags&post=7162"}],"curies":[{"name":"wp","href":"https:\/\/api.w.org\/{rel}","templated":true}]}}